{"id":441,"date":"2022-03-02T22:44:09","date_gmt":"2022-03-02T20:44:09","guid":{"rendered":"https:\/\/filarmonicastabio.ch\/?p=441"},"modified":"2022-03-02T22:44:11","modified_gmt":"2022-03-02T20:44:11","slug":"ripresa-delle-prove-2022","status":"publish","type":"post","link":"https:\/\/filarmonicastabio.ch\/index.php\/2022\/03\/02\/ripresa-delle-prove-2022\/","title":{"rendered":"Ripresa delle prove 2022"},"content":{"rendered":"\n<p>Carissime e carissimi musicanti,<br><a href=\"https:\/\/filarmonicastabio.ch\/index.php\/calendario-prove\/\" data-type=\"page\" data-id=\"260\">Cliccando qui<\/a> trovate il programma di attivit\u00e0 della Filarmonica della prima parte dell\u2019anno 2022.<\/p>\n\n\n\n<p>A nome del Comitato, della Commissione Musica e della Maestra, vi chiedo di voler mettere in agenda tutte le date. In particolare quelle dei servizi e dei concerti.<br>Liberi finalmente dalle restrizioni dovute al Covid, potremo provare con pi\u00f9 tranquillit\u00e0. Sar\u00e0 importante poter essere presenti alla prima prova del <strong>10 Marzo<\/strong>, durante la quale proveremo il repertorio del concerto di primavera.<\/p>\n\n\n\n<p>Il primo impegno ufficiale per un servizio dopo due anni di attesa, sar\u00e0 la <strong>Processione del Venerd\u00ec Santo a Mendrisio<\/strong>. In quell\u2019occasione la Filarmonica vuole presentarsi al meglio perch\u00e9 saranno tantissime le persone che certamente vorranno presenziare alle Processioni Storiche. Sar\u00e0 quindi importante essere l\u00ec con un buon numero di musicanti, contiamo su tutti voi.<br><br>Ci vediamo il 10 marzo, un carissimo saluto.<br>Marco Rossi<br><em>Presidente\u00a0Societ\u00e0 Filarmonica Stabio<\/em><\/p>\n","protected":false},"excerpt":{"rendered":"<p>Carissime e carissimi musicanti,Cliccando qui trovate il programma di attivit\u00e0 della Filarmonica della prima parte dell\u2019anno 2022. A nome del&#46;&#46;&#46;<\/p>\n","protected":false},"author":1,"featured_media":0,"comment_status":"closed","ping_status":"closed","sticky":false,"template":"","format":"standard","meta":{"footnotes":""},"categories":[3],"tags":[],"class_list":["post-441","post","type-post","status-publish","format-standard","hentry","category-news"],"_links":{"self":[{"href":"https:\/\/filarmonicastabio.ch\/index.php\/wp-json\/wp\/v2\/posts\/441","targetHints":{"allow":["GET"]}}],"collection":[{"href":"https:\/\/filarmonicastabio.ch\/index.php\/wp-json\/wp\/v2\/posts"}],"about":[{"href":"https:\/\/filarmonicastabio.ch\/index.php\/wp-json\/wp\/v2\/types\/post"}],"author":[{"embeddable":true,"href":"https:\/\/filarmonicastabio.ch\/index.php\/wp-json\/wp\/v2\/users\/1"}],"replies":[{"embeddable":true,"href":"https:\/\/filarmonicastabio.ch\/index.php\/wp-json\/wp\/v2\/comments?post=441"}],"version-history":[{"count":1,"href":"https:\/\/filarmonicastabio.ch\/index.php\/wp-json\/wp\/v2\/posts\/441\/revisions"}],"predecessor-version":[{"id":442,"href":"https:\/\/filarmonicastabio.ch\/index.php\/wp-json\/wp\/v2\/posts\/441\/revisions\/442"}],"wp:attachment":[{"href":"https:\/\/filarmonicastabio.ch\/index.php\/wp-json\/wp\/v2\/media?parent=441"}],"wp:term":[{"taxonomy":"category","embeddable":true,"href":"https:\/\/filarmonicastabio.ch\/index.php\/wp-json\/wp\/v2\/categories?post=441"},{"taxonomy":"post_tag","embeddable":true,"href":"https:\/\/filarmonicastabio.ch\/index.php\/wp-json\/wp\/v2\/tags?post=441"}],"curies":[{"name":"wp","href":"https:\/\/api.w.org\/{rel}","templated":true}]}}