{"id":431,"date":"2022-02-10T16:16:03","date_gmt":"2022-02-10T14:16:03","guid":{"rendered":"https:\/\/filarmonicastabio.ch\/?p=431"},"modified":"2022-02-10T16:16:04","modified_gmt":"2022-02-10T14:16:04","slug":"assemblea-ordinaria-2022","status":"publish","type":"post","link":"https:\/\/filarmonicastabio.ch\/index.php\/2022\/02\/10\/assemblea-ordinaria-2022\/","title":{"rendered":"Assemblea Ordinaria 2022"},"content":{"rendered":"\n<p>Cari soci,<br>in conformit\u00e0 all\u2019Art. 9 dello Statuto vigente vi convochiamo all&#8217;Assemblea Ordinaria della Societ\u00e0 che si terr\u00e0 <strong>marted\u00ec 22 febbraio 2022 alle ore 20.15<\/strong> presso la Sala del Consiglio Comunale di Stabio con il seguente ordine del giorno:<\/p>\n\n\n\n<ol class=\"wp-block-list\"><li>Nomina del presidente del giorno e di due scrutatori.<\/li><li>Lettura dell&#8217;ultimo verbale.<\/li><li>Relazione del presidente.<\/li><li>Rapporto della commissione musica sull&#8217;attivit\u00e0 2021.<\/li><li>Rapporto Scuola Allievi.<\/li><li>Resoconto finanziario 2021.<\/li><li>Rapporto dei revisori.<\/li><li>Tassa sociale.<\/li><li>Programma attivit\u00e0 2022<\/li><li>Eventuali<\/li><\/ol>\n\n\n\n<p>Vi attendiamo numerosi e cogliamo l&#8217;occasione per porgervi i nostri pi\u00f9 cordiali saluti.<br>Societ\u00e0 Filarmonica Stabio.<br>Per accedere alla Sala del CC \u00e8 fatto obbligo di essere in possesso di un certificato COVID-19 valido.<br><\/p>\n\n\n\n<p>Per il comitato:<br>Marco Rossi<br><em>Presidente<\/em><\/p>\n\n\n\n<div class=\"wp-block-file\"><a href=\"https:\/\/filarmonicastabio.ch\/wp-content\/uploads\/2022\/02\/convocazione-assemblea_2022.pdf\">convocazione-assemblea_2022<\/a><a href=\"https:\/\/filarmonicastabio.ch\/wp-content\/uploads\/2022\/02\/convocazione-assemblea_2022.pdf\" class=\"wp-block-file__button\" download>Download<\/a><\/div>\n","protected":false},"excerpt":{"rendered":"<p>Cari soci,in conformit\u00e0 all\u2019Art. 9 dello Statuto vigente vi convochiamo all&#8217;Assemblea Ordinaria della Societ\u00e0 che si terr\u00e0 marted\u00ec 22 febbraio&#46;&#46;&#46;<\/p>\n","protected":false},"author":1,"featured_media":0,"comment_status":"closed","ping_status":"closed","sticky":false,"template":"","format":"standard","meta":{"footnotes":""},"categories":[3],"tags":[],"class_list":["post-431","post","type-post","status-publish","format-standard","hentry","category-news"],"_links":{"self":[{"href":"https:\/\/filarmonicastabio.ch\/index.php\/wp-json\/wp\/v2\/posts\/431","targetHints":{"allow":["GET"]}}],"collection":[{"href":"https:\/\/filarmonicastabio.ch\/index.php\/wp-json\/wp\/v2\/posts"}],"about":[{"href":"https:\/\/filarmonicastabio.ch\/index.php\/wp-json\/wp\/v2\/types\/post"}],"author":[{"embeddable":true,"href":"https:\/\/filarmonicastabio.ch\/index.php\/wp-json\/wp\/v2\/users\/1"}],"replies":[{"embeddable":true,"href":"https:\/\/filarmonicastabio.ch\/index.php\/wp-json\/wp\/v2\/comments?post=431"}],"version-history":[{"count":1,"href":"https:\/\/filarmonicastabio.ch\/index.php\/wp-json\/wp\/v2\/posts\/431\/revisions"}],"predecessor-version":[{"id":433,"href":"https:\/\/filarmonicastabio.ch\/index.php\/wp-json\/wp\/v2\/posts\/431\/revisions\/433"}],"wp:attachment":[{"href":"https:\/\/filarmonicastabio.ch\/index.php\/wp-json\/wp\/v2\/media?parent=431"}],"wp:term":[{"taxonomy":"category","embeddable":true,"href":"https:\/\/filarmonicastabio.ch\/index.php\/wp-json\/wp\/v2\/categories?post=431"},{"taxonomy":"post_tag","embeddable":true,"href":"https:\/\/filarmonicastabio.ch\/index.php\/wp-json\/wp\/v2\/tags?post=431"}],"curies":[{"name":"wp","href":"https:\/\/api.w.org\/{rel}","templated":true}]}}