{"id":268,"date":"2019-02-11T11:12:40","date_gmt":"2019-02-11T09:12:40","guid":{"rendered":"https:\/\/filarmonicastabio.ch\/?p=268"},"modified":"2019-02-11T11:12:40","modified_gmt":"2019-02-11T09:12:40","slug":"assemblea-ordinaria-2019","status":"publish","type":"post","link":"https:\/\/filarmonicastabio.ch\/index.php\/2019\/02\/11\/assemblea-ordinaria-2019\/","title":{"rendered":"Assemblea ordinaria 2019"},"content":{"rendered":"<p>Cari Soci,<br \/>\nin conformit\u00e0 all\u2019Art. 9 dello Statuto vigente vi convochiamo all&#8217;Assemblea Ordinaria della Societ\u00e0 che si terr\u00e0 marted\u00ec 19 febbraio 2019 alle ore 20.15 presso la Sala del Consiglio Comunale di Stabio.<\/p>\n<p>Vi aspettiamo numerosi.<\/p>\n<p><a href=\"https:\/\/filarmonicastabio.ch\/wp-content\/uploads\/2019\/02\/convocazione-assemblea_2019.pdf\">Clicca qui per scaricare la lettera di convocazione dell&#8217; assemblea_2019<\/a><\/p>\n","protected":false},"excerpt":{"rendered":"<p>Cari Soci, in conformit\u00e0 all\u2019Art. 9 dello Statuto vigente vi convochiamo all&#8217;Assemblea Ordinaria della Societ\u00e0 che si terr\u00e0 marted\u00ec 19&#46;&#46;&#46;<\/p>\n","protected":false},"author":1,"featured_media":0,"comment_status":"closed","ping_status":"closed","sticky":false,"template":"","format":"standard","meta":{"footnotes":""},"categories":[3],"tags":[],"class_list":["post-268","post","type-post","status-publish","format-standard","hentry","category-news"],"_links":{"self":[{"href":"https:\/\/filarmonicastabio.ch\/index.php\/wp-json\/wp\/v2\/posts\/268","targetHints":{"allow":["GET"]}}],"collection":[{"href":"https:\/\/filarmonicastabio.ch\/index.php\/wp-json\/wp\/v2\/posts"}],"about":[{"href":"https:\/\/filarmonicastabio.ch\/index.php\/wp-json\/wp\/v2\/types\/post"}],"author":[{"embeddable":true,"href":"https:\/\/filarmonicastabio.ch\/index.php\/wp-json\/wp\/v2\/users\/1"}],"replies":[{"embeddable":true,"href":"https:\/\/filarmonicastabio.ch\/index.php\/wp-json\/wp\/v2\/comments?post=268"}],"version-history":[{"count":1,"href":"https:\/\/filarmonicastabio.ch\/index.php\/wp-json\/wp\/v2\/posts\/268\/revisions"}],"predecessor-version":[{"id":270,"href":"https:\/\/filarmonicastabio.ch\/index.php\/wp-json\/wp\/v2\/posts\/268\/revisions\/270"}],"wp:attachment":[{"href":"https:\/\/filarmonicastabio.ch\/index.php\/wp-json\/wp\/v2\/media?parent=268"}],"wp:term":[{"taxonomy":"category","embeddable":true,"href":"https:\/\/filarmonicastabio.ch\/index.php\/wp-json\/wp\/v2\/categories?post=268"},{"taxonomy":"post_tag","embeddable":true,"href":"https:\/\/filarmonicastabio.ch\/index.php\/wp-json\/wp\/v2\/tags?post=268"}],"curies":[{"name":"wp","href":"https:\/\/api.w.org\/{rel}","templated":true}]}}