{"id":212,"date":"2018-08-08T21:51:26","date_gmt":"2018-08-08T19:51:26","guid":{"rendered":"https:\/\/filarmonicastabio.ch\/?p=212"},"modified":"2018-08-08T21:55:43","modified_gmt":"2018-08-08T19:55:43","slug":"nuovo-vessillo","status":"publish","type":"post","link":"https:\/\/filarmonicastabio.ch\/index.php\/2018\/08\/08\/nuovo-vessillo\/","title":{"rendered":"Nuovo Vessillo"},"content":{"rendered":"<p>Il 9 giugno 2018 \u00e8 stata una data importante per la nostra filarmonica: \u00e9 stato infatti inaugurato il nuovo vessillo, che rappresenter\u00e0 la nostra formazione durante i concerti.<\/p>\n<p>La bandiera \u00e8 stata presentata al pubblico in piazza grande, dove \u00e8 stata anche benedetto ed ha ricevuto il saluto dei vessilli della FeBaTi e delle altre bande consorelle presenti. Durante la cerimonia \u00e8 stata anche suonata per la prima volta la marcia scritta dal maestro Antonio Rezzonico in onore del nuovo vessillo e del fratello Pietro, maestro della nostra filarmonica.<\/p>\n<p>In seguito, i presenti hanno sfilato sulle note della nostra banda fino all&#8217;oratorio, dove abbiamo tenuto un concerto speciale. Si \u00e9 trattato dell&#8217;ultimo concerto diretto dal maestro Pietro Rezzonico, che dopo 20 anni lascia la bacchetta ad Elisa Ghezzo.<\/p>\n<p><a href=\"https:\/\/filarmonicastabio.ch\/wp-content\/uploads\/2018\/08\/107-e1533757644710.jpeg\"><img loading=\"lazy\" decoding=\"async\" class=\"alignnone wp-image-214 size-thumbnail\" src=\"https:\/\/filarmonicastabio.ch\/wp-content\/uploads\/2018\/08\/107-e1533757644710-150x150.jpeg\" alt=\"\" width=\"150\" height=\"150\" srcset=\"https:\/\/filarmonicastabio.ch\/wp-content\/uploads\/2018\/08\/107-e1533757644710-150x150.jpeg 150w, https:\/\/filarmonicastabio.ch\/wp-content\/uploads\/2018\/08\/107-e1533757644710-160x160.jpeg 160w, https:\/\/filarmonicastabio.ch\/wp-content\/uploads\/2018\/08\/107-e1533757644710-320x320.jpeg 320w\" sizes=\"auto, (max-width: 150px) 100vw, 150px\" \/>\u00a0<\/a><a href=\"https:\/\/filarmonicastabio.ch\/wp-content\/uploads\/2018\/08\/45d.jpeg\"><img loading=\"lazy\" decoding=\"async\" class=\"alignnone wp-image-213 size-thumbnail\" src=\"https:\/\/filarmonicastabio.ch\/wp-content\/uploads\/2018\/08\/45d-150x150.jpeg\" alt=\"\" width=\"150\" height=\"150\" srcset=\"https:\/\/filarmonicastabio.ch\/wp-content\/uploads\/2018\/08\/45d-150x150.jpeg 150w, https:\/\/filarmonicastabio.ch\/wp-content\/uploads\/2018\/08\/45d-160x160.jpeg 160w, https:\/\/filarmonicastabio.ch\/wp-content\/uploads\/2018\/08\/45d-320x320.jpeg 320w\" sizes=\"auto, (max-width: 150px) 100vw, 150px\" \/><\/a><\/p>\n<p>&nbsp;<\/p>\n<p>Al termine si \u00e9 tenuto un banchetto nel salone dell&#8217;oratorio.<\/p>\n<p>&nbsp;<\/p>\n","protected":false},"excerpt":{"rendered":"<p>Il 9 giugno 2018 \u00e8 stata una data importante per la nostra filarmonica: \u00e9 stato infatti inaugurato il nuovo vessillo,&#46;&#46;&#46;<\/p>\n","protected":false},"author":1,"featured_media":213,"comment_status":"closed","ping_status":"closed","sticky":false,"template":"","format":"standard","meta":{"footnotes":""},"categories":[3],"tags":[],"class_list":["post-212","post","type-post","status-publish","format-standard","has-post-thumbnail","hentry","category-news"],"_links":{"self":[{"href":"https:\/\/filarmonicastabio.ch\/index.php\/wp-json\/wp\/v2\/posts\/212","targetHints":{"allow":["GET"]}}],"collection":[{"href":"https:\/\/filarmonicastabio.ch\/index.php\/wp-json\/wp\/v2\/posts"}],"about":[{"href":"https:\/\/filarmonicastabio.ch\/index.php\/wp-json\/wp\/v2\/types\/post"}],"author":[{"embeddable":true,"href":"https:\/\/filarmonicastabio.ch\/index.php\/wp-json\/wp\/v2\/users\/1"}],"replies":[{"embeddable":true,"href":"https:\/\/filarmonicastabio.ch\/index.php\/wp-json\/wp\/v2\/comments?post=212"}],"version-history":[{"count":4,"href":"https:\/\/filarmonicastabio.ch\/index.php\/wp-json\/wp\/v2\/posts\/212\/revisions"}],"predecessor-version":[{"id":218,"href":"https:\/\/filarmonicastabio.ch\/index.php\/wp-json\/wp\/v2\/posts\/212\/revisions\/218"}],"wp:featuredmedia":[{"embeddable":true,"href":"https:\/\/filarmonicastabio.ch\/index.php\/wp-json\/wp\/v2\/media\/213"}],"wp:attachment":[{"href":"https:\/\/filarmonicastabio.ch\/index.php\/wp-json\/wp\/v2\/media?parent=212"}],"wp:term":[{"taxonomy":"category","embeddable":true,"href":"https:\/\/filarmonicastabio.ch\/index.php\/wp-json\/wp\/v2\/categories?post=212"},{"taxonomy":"post_tag","embeddable":true,"href":"https:\/\/filarmonicastabio.ch\/index.php\/wp-json\/wp\/v2\/tags?post=212"}],"curies":[{"name":"wp","href":"https:\/\/api.w.org\/{rel}","templated":true}]}}